{"id":2637,"date":"2018-09-26T14:29:13","date_gmt":"2018-09-26T12:29:13","guid":{"rendered":"https:\/\/jabietz.de\/fregatte-luebeck\/?p=2637"},"modified":"2018-12-12T14:00:12","modified_gmt":"2018-12-12T13:00:12","slug":"luebeck-in-izmir-2","status":"publish","type":"post","link":"https:\/\/jabietz.de\/fregatte-luebeck\/luebeck-in-izmir-2\/","title":{"rendered":"&#8222;L\u00dcBECK&#8220; in Izmir"},"content":{"rendered":"<p style=\"text-align: justify;\">Nachdem die Fregatte &#8222;L\u00fcbeck&#8220; Rota mittags wieder verlassen hatte, erreichte sie am 13.August den Hafen von Souda\/Kreta, wo am 14. August das Flaggschiff im Rahmen der NATO Unterst\u00fctzungsoperation in der \u00c4g\u00e4is wechselte. Der Verbandsf\u00fchrer, Kapit\u00e4n zur See Volker Blasche, tauschte mitsamt seines Stabes Wohn- und Arbeitsbereich von der Fregatte \u201eBayern\u201c und zog im griechischen Souda Bay auf Kreta auf die Fregatte \u201eL\u00fcbeck\u201c um.<\/p>\n<p>Am Donnerstag, den 16.August ging es dann ins Einsatzgebiet in die \u00c4g\u00e4is.<\/p>\n<p>Vom 11.September bis zum 14.September lag die &#8222;L\u00fcbeck&#8220; in Paloukia\/Griechenland.<\/p>\n<p style=\"text-align: justify;\">Nach weiteren 11 Tagen im Einsatz in der \u00c4g\u00e4is, hat die Fregatte gestern in Izmir festgemacht. Heute bekam ich vom Blogleser Dogan ein Foto der &#8222;L\u00fcbeck&#8220; geschickt, wie sie derzeit im Hafen liegt. An dieser Stelle m\u00f6chte ich mich f\u00fcr das Foto ganz herzlich bedanken.<\/p>\n<p><a href=\"https:\/\/jabietz.de\/fregatte-luebeck\/wp-content\/uploads\/2018\/09\/L\u00fcbeck-in-Izmir.jpg\" data-lbwps-width=\"640\" data-lbwps-height=\"480\" data-lbwps-srcsmall=\"https:\/\/jabietz.de\/fregatte-luebeck\/wp-content\/uploads\/2018\/09\/L\u00fcbeck-in-Izmir-300x225.jpg\"><img loading=\"lazy\" decoding=\"async\" class=\"alignnone size-medium wp-image-2638\" src=\"https:\/\/jabietz.de\/fregatte-luebeck\/wp-content\/uploads\/2018\/09\/L\u00fcbeck-in-Izmir-300x225.jpg\" alt=\"\" width=\"300\" height=\"225\" srcset=\"https:\/\/jabietz.de\/fregatte-luebeck\/wp-content\/uploads\/2018\/09\/L\u00fcbeck-in-Izmir-300x225.jpg 300w, https:\/\/jabietz.de\/fregatte-luebeck\/wp-content\/uploads\/2018\/09\/L\u00fcbeck-in-Izmir-400x300.jpg 400w, https:\/\/jabietz.de\/fregatte-luebeck\/wp-content\/uploads\/2018\/09\/L\u00fcbeck-in-Izmir.jpg 640w\" sizes=\"auto, (max-width: 300px) 100vw, 300px\" \/><\/a><\/p>\n<p>Heute Nachmittag hat die &#8222;L\u00fcbeck&#8220; den Hafen von Izmir wieder verlassen.<\/p>\n","protected":false},"excerpt":{"rendered":"<p>Nachdem die Fregatte &#8222;L\u00fcbeck&#8220; Rota mittags wieder verlassen hatte, erreichte sie am 13.August den Hafen von Souda\/Kreta, wo am 14. August das Flaggschiff im Rahmen der NATO Unterst\u00fctzungsoperation in der \u00c4g\u00e4is wechselte. Der Verbandsf\u00fchrer, Kapit\u00e4n zur See Volker Blasche, tauschte mitsamt seines Stabes Wohn- und Arbeitsbereich von der Fregatte \u201eBayern\u201c und zog im griechischen Souda [&hellip;]<\/p>\n","protected":false},"author":1,"featured_media":0,"comment_status":"open","ping_status":"open","sticky":false,"template":"","format":"standard","meta":{"footnotes":""},"categories":[9],"tags":[],"class_list":["post-2637","post","type-post","status-publish","format-standard","hentry","category-aktuelles-zur-f214","post-preview"],"_links":{"self":[{"href":"https:\/\/jabietz.de\/fregatte-luebeck\/wp-json\/wp\/v2\/posts\/2637","targetHints":{"allow":["GET"]}}],"collection":[{"href":"https:\/\/jabietz.de\/fregatte-luebeck\/wp-json\/wp\/v2\/posts"}],"about":[{"href":"https:\/\/jabietz.de\/fregatte-luebeck\/wp-json\/wp\/v2\/types\/post"}],"author":[{"embeddable":true,"href":"https:\/\/jabietz.de\/fregatte-luebeck\/wp-json\/wp\/v2\/users\/1"}],"replies":[{"embeddable":true,"href":"https:\/\/jabietz.de\/fregatte-luebeck\/wp-json\/wp\/v2\/comments?post=2637"}],"version-history":[{"count":0,"href":"https:\/\/jabietz.de\/fregatte-luebeck\/wp-json\/wp\/v2\/posts\/2637\/revisions"}],"wp:attachment":[{"href":"https:\/\/jabietz.de\/fregatte-luebeck\/wp-json\/wp\/v2\/media?parent=2637"}],"wp:term":[{"taxonomy":"category","embeddable":true,"href":"https:\/\/jabietz.de\/fregatte-luebeck\/wp-json\/wp\/v2\/categories?post=2637"},{"taxonomy":"post_tag","embeddable":true,"href":"https:\/\/jabietz.de\/fregatte-luebeck\/wp-json\/wp\/v2\/tags?post=2637"}],"curies":[{"name":"wp","href":"https:\/\/api.w.org\/{rel}","templated":true}]}}